{"id":3248,"date":"2021-03-22T13:35:42","date_gmt":"2021-03-22T12:35:42","guid":{"rendered":"https:\/\/fundem.org\/wp\/?p=3248"},"modified":"2021-03-23T11:27:53","modified_gmt":"2021-03-23T10:27:53","slug":"28-marzo-meditacion-de-la-danza","status":"publish","type":"post","link":"https:\/\/fundem.org\/wp\/28-marzo-meditacion-de-la-danza\/","title":{"rendered":"PLAZAS AGOTADAS: 28 Marzo &#8211; Meditaci\u00f3n de la Danza"},"content":{"rendered":"\n<p>El domingo 28 de MARZO a las 11h daremos la bienvenida a la primavera con danzas circulares y meditaci\u00f3n en movimiento, para que nuestro cuerpo, mente y coraz\u00f3n vibren de nuevo juntos. Adem\u00e1s, llenaremos nuestros sentidos con la belleza del ambiente natural.<\/p>\n\n\n\n<p><img loading=\"lazy\" decoding=\"async\" height=\"16\" width=\"16\" alt=\"\ud83c\udf3e\" src=\"https:\/\/static.xx.fbcdn.net\/images\/emoji.php\/v9\/t9d\/1\/16\/1f33e.png\"> Meditaci\u00f3n con la Danza<br><img loading=\"lazy\" decoding=\"async\" height=\"16\" width=\"16\" alt=\"\ud83d\uddd3\" src=\"https:\/\/static.xx.fbcdn.net\/images\/emoji.php\/v9\/t5c\/1\/16\/1f5d3.png\"> Domingo 28 de MARZO<br><img loading=\"lazy\" decoding=\"async\" height=\"16\" width=\"16\" alt=\"\ud83d\udccc\" src=\"https:\/\/static.xx.fbcdn.net\/images\/emoji.php\/v9\/tac\/1\/16\/1f4cc.png\"> Jard\u00edn de l&#8217;Albarda<br><img loading=\"lazy\" decoding=\"async\" height=\"16\" width=\"16\" alt=\"\u231a\" src=\"https:\/\/static.xx.fbcdn.net\/images\/emoji.php\/v9\/tfa\/1\/16\/231a.png\">11:00h<br> <img loading=\"lazy\" decoding=\"async\" height=\"16\" width=\"16\" alt=\"\ud83d\udcb6\" src=\"https:\/\/static.xx.fbcdn.net\/images\/emoji.php\/v9\/t60\/1\/16\/1f4b6.png\"> 12\u20ac (plazas limitadas). Haz tu inscripci\u00f3n en la cuenta: ES92 0086 5106 1200 1577 7259 (plazo hasta el viernes 26 de marzo a las 13:00 horas)<br><img loading=\"lazy\" decoding=\"async\" height=\"16\" width=\"16\" alt=\"\ud83c\udf9f\" src=\"https:\/\/static.xx.fbcdn.net\/images\/emoji.php\/v9\/td8\/1\/16\/1f39f.png\"> Inf\u00f3rmate y reserva en fundem@fundem.org por WhatsApp +34 696 97 52 90 indicando nombre completo y tel\u00e9fono de contacto.<br><br>Aunque la actividad se har\u00e1 en castellano, Andrea tambi\u00e9n habla ingl\u00e9s y alem\u00e1n.<\/p>\n","protected":false},"excerpt":{"rendered":"<p>El domingo 28 de MARZO a las 11h daremos la bienvenida a la primavera con danzas circulares y meditaci\u00f3n en movimiento, para que nuestro cuerpo, mente y coraz\u00f3n vibren de&#8230; <\/p>\n<div class=\"clear\"><\/div>\n<p><a href=\"https:\/\/fundem.org\/wp\/28-marzo-meditacion-de-la-danza\/\" class=\"excerpt-read-more\">Read More<\/a><\/p>\n","protected":false},"author":3,"featured_media":3255,"comment_status":"open","ping_status":"open","sticky":false,"template":"","format":"standard","meta":{"footnotes":""},"categories":[19],"tags":[],"_links":{"self":[{"href":"https:\/\/fundem.org\/wp\/wp-json\/wp\/v2\/posts\/3248"}],"collection":[{"href":"https:\/\/fundem.org\/wp\/wp-json\/wp\/v2\/posts"}],"about":[{"href":"https:\/\/fundem.org\/wp\/wp-json\/wp\/v2\/types\/post"}],"author":[{"embeddable":true,"href":"https:\/\/fundem.org\/wp\/wp-json\/wp\/v2\/users\/3"}],"replies":[{"embeddable":true,"href":"https:\/\/fundem.org\/wp\/wp-json\/wp\/v2\/comments?post=3248"}],"version-history":[{"count":3,"href":"https:\/\/fundem.org\/wp\/wp-json\/wp\/v2\/posts\/3248\/revisions"}],"predecessor-version":[{"id":3263,"href":"https:\/\/fundem.org\/wp\/wp-json\/wp\/v2\/posts\/3248\/revisions\/3263"}],"wp:featuredmedia":[{"embeddable":true,"href":"https:\/\/fundem.org\/wp\/wp-json\/wp\/v2\/media\/3255"}],"wp:attachment":[{"href":"https:\/\/fundem.org\/wp\/wp-json\/wp\/v2\/media?parent=3248"}],"wp:term":[{"taxonomy":"category","embeddable":true,"href":"https:\/\/fundem.org\/wp\/wp-json\/wp\/v2\/categories?post=3248"},{"taxonomy":"post_tag","embeddable":true,"href":"https:\/\/fundem.org\/wp\/wp-json\/wp\/v2\/tags?post=3248"}],"curies":[{"name":"wp","href":"https:\/\/api.w.org\/{rel}","templated":true}]}}