{"id":3702,"date":"2021-05-14T13:08:29","date_gmt":"2021-05-14T11:08:29","guid":{"rendered":"https:\/\/fundem.org\/wp\/?p=3702"},"modified":"2021-05-27T13:14:22","modified_gmt":"2021-05-27T11:14:22","slug":"concierto-dia-del-socio-30-mayo","status":"publish","type":"post","link":"https:\/\/fundem.org\/wp\/concierto-dia-del-socio-30-mayo\/","title":{"rendered":"Concierto D\u00eda del Socio, 30 Mayo"},"content":{"rendered":"\n<div class=\"wp-block-image\"><figure class=\"aligncenter size-large\"><img loading=\"lazy\" decoding=\"async\" width=\"724\" height=\"1024\" src=\"https:\/\/fundem.org\/wp\/wp-content\/uploads\/2021\/05\/Cartel_conc_dia-del-socio_2021-724x1024.jpg\" alt=\"\" class=\"wp-image-3703\" srcset=\"https:\/\/fundem.org\/wp\/wp-content\/uploads\/2021\/05\/Cartel_conc_dia-del-socio_2021-724x1024.jpg 724w, https:\/\/fundem.org\/wp\/wp-content\/uploads\/2021\/05\/Cartel_conc_dia-del-socio_2021-212x300.jpg 212w, https:\/\/fundem.org\/wp\/wp-content\/uploads\/2021\/05\/Cartel_conc_dia-del-socio_2021-768x1086.jpg 768w, https:\/\/fundem.org\/wp\/wp-content\/uploads\/2021\/05\/Cartel_conc_dia-del-socio_2021-1086x1536.jpg 1086w, https:\/\/fundem.org\/wp\/wp-content\/uploads\/2021\/05\/Cartel_conc_dia-del-socio_2021-1448x2048.jpg 1448w, https:\/\/fundem.org\/wp\/wp-content\/uploads\/2021\/05\/Cartel_conc_dia-del-socio_2021-scaled.jpg 1810w\" sizes=\"(max-width: 724px) 100vw, 724px\" \/><\/figure><\/div>\n\n\n\n<p>Reciban la invitaci\u00f3n al concierto del d\u00eda del SOCIO, un d\u00eda donde celebrar, en el Jard\u00edn de l&#8217;Albarda, la colaboraci\u00f3n con FUNDEM en un entorno de naturaleza y con m\u00fasica excepcional.<\/p>\n\n\n\n<p>A continuaci\u00f3n disponen de toda la informaci\u00f3n<\/p>\n\n\n\n<p><strong>Fecha:<\/strong> domingo,\u00a0 <strong>30 de mayo de 2021<\/strong><br><strong>Hora de inicio<\/strong>: <strong>11:00 h.<\/strong><br><strong>Donaci\u00f3n:<\/strong> 15 euros. <strong>Socios de Fundem: GRATIS. (Imprescindible mostrar el carn\u00e9 de socio)<\/strong><\/p>\n\n\n\n<p><strong><em><strong><em>ESTE DIA SOLO SE PERMITIR\u00c1 VISITAR EL JARD\u00cdN CON LA ENTRADA AL CONCIERTO, NO SE VENDER\u00c1N ENTRADAS NORMALES NI SE HAR\u00c1N VISITAS GUIADAS.<\/em><\/strong><\/em><\/strong><br><br>Por motivos de organizaci\u00f3n, <strong>se ruega a los socios confirmar asistencia.Las entradas se podr\u00e1n adquirir por los siguientes medios:<\/strong><br>&#8211; Adquisici\u00f3n anticipada de entradas a trav\u00e9s de <strong>internet<\/strong>: <a href=\"https:\/\/www.tomaticket.es\/index.php?accion=evento&amp;IdEvento=192171\">https:\/\/www.tomaticket.es\/index.php?accion=evento&amp;IdEvento=192171<\/a><br>&#8211; Adquisici\u00f3n anticipada de entradas en los <strong>puntos de venta habituales<\/strong> (ver m\u00e1s abajo).<br>&#8211; Adquisici\u00f3n de entradas <strong>en taquilla <\/strong>el d\u00eda del concierto, a partir de las 10:00 h (sujeto a disponibilidad).<br><br>Tambi\u00e9n se pueden reservar las entradas a trav\u00e9s de <a href=\"mailto:fundem@fundem.org\">fundem@fundem.org<\/a> o a trav\u00e9s de WhatsApp 696 975 290 indicando nombre y apellido, n\u00famero de entradas y tipo (socio o no socio). Las reservas se realizar\u00e1n hasta el viernes 28 de mayo a las 13:00 h. Las entradas reservadas se podr\u00e1n recoger y pagar en el Jard\u00edn el mismo d\u00eda a partir de las 10h. En cualquier caso, <strong>recomendamos la adquisici\u00f3n anticipada de entradas<\/strong>, ya sea en puntos de venta o a trav\u00e9s de internet, para una mejor organizaci\u00f3n el d\u00eda del concierto. <\/p>\n\n\n\n<p><strong>Puntos de adquisici\u00f3n de entradas anticipadas<\/strong>:<\/p>\n\n\n\n<p><strong>&#8211; Fundem. Jard\u00edn de l\u2019Albarda. Pedreguer. <\/strong>C\/ Baix Vinalop\u00f3, 8 \u2013 Urb. La Sella. Pedreguer -lunes a domingo: 10h a 14h<br><strong>&#8211; Casa de Cultura del Ayuntamiento de Pedreguer<\/strong>. Glorieta de la Creu, 14 &#8211; lunes a viernes: 10h a 14h<br><strong>&#8211; Costa Blanca Nachrichten,<\/strong> <strong>CBN-Benissa. <\/strong>Avda. Pa\u00eds Valenci\u00e0, 1 &#8211; lunes a viernes: 09:00 h a 17:00 h<br><strong>&#8211; Librer\u00eda Publics.<\/strong> <strong>D\u00e9nia. <\/strong>C\/ Patricio Ferr\u00e1ndiz, n\u00ba 16 &#8211; lunes a domingo: 08h a 21:30 h<br>&#8211;<strong> Pro Akustik. D\u00e9nia. <\/strong>Avda. Joan Fuster 28 C &#8211; lunes a viernes: 09:30 h a 13:30 h<br>&#8211; <strong>Replanell<\/strong>. Av. de la Mar, 36, 03709 La Xara, Alicante<br><strong>&#8211;&nbsp;Jard\u00edn Sostenible<\/strong> Crta. De Gata, 64; J\u00e1vea &#8211; lunes a s\u00e1bado 8:30\u201317:30<br>&#8211; <strong>SERVIDEN-<\/strong> Residencia&nbsp; LA SELLA c\/ de la Safor, s\/n (zona de comerciales) Telf: 965761274 \u2013 lunes, mi\u00e9rcoles y s\u00e1bados de 10h a 13h \u2013 martes, jueves y viernes 9:30 a 13:30 y de 16:30 a 19h<strong>Observaciones:<\/strong> transmitir esta invitaci\u00f3n a todas aquellas personas interesadas en este tipo de eventos.<br>Ser\u00e1 obligatorio el uso de mascarilla y mantener la distancia de seguridad.&nbsp; \u00a1Vengan a celebrar el d\u00eda del SOCIO con nosotros!<\/p>\n\n\n\n<div class=\"wp-block-image\"><figure class=\"aligncenter size-large\"><img loading=\"lazy\" decoding=\"async\" width=\"724\" height=\"1024\" src=\"https:\/\/fundem.org\/wp\/wp-content\/uploads\/2021\/05\/programa_concierto-dia-del-socio-2021_page-0001-724x1024.jpg\" alt=\"\" class=\"wp-image-3705\" srcset=\"https:\/\/fundem.org\/wp\/wp-content\/uploads\/2021\/05\/programa_concierto-dia-del-socio-2021_page-0001-724x1024.jpg 724w, https:\/\/fundem.org\/wp\/wp-content\/uploads\/2021\/05\/programa_concierto-dia-del-socio-2021_page-0001-212x300.jpg 212w, https:\/\/fundem.org\/wp\/wp-content\/uploads\/2021\/05\/programa_concierto-dia-del-socio-2021_page-0001-768x1086.jpg 768w, https:\/\/fundem.org\/wp\/wp-content\/uploads\/2021\/05\/programa_concierto-dia-del-socio-2021_page-0001-1087x1536.jpg 1087w, https:\/\/fundem.org\/wp\/wp-content\/uploads\/2021\/05\/programa_concierto-dia-del-socio-2021_page-0001.jpg 1240w\" sizes=\"(max-width: 724px) 100vw, 724px\" \/><\/figure><\/div>\n\n\n\n<p><\/p>\n","protected":false},"excerpt":{"rendered":"<p>Reciban la invitaci\u00f3n al concierto del d\u00eda del SOCIO, un d\u00eda donde celebrar, en el Jard\u00edn de l&#8217;Albarda, la colaboraci\u00f3n con FUNDEM en un entorno de naturaleza y con m\u00fasica&#8230; <\/p>\n<div class=\"clear\"><\/div>\n<p><a href=\"https:\/\/fundem.org\/wp\/concierto-dia-del-socio-30-mayo\/\" class=\"excerpt-read-more\">Read More<\/a><\/p>\n","protected":false},"author":3,"featured_media":3703,"comment_status":"closed","ping_status":"closed","sticky":false,"template":"","format":"standard","meta":{"footnotes":""},"categories":[20],"tags":[],"_links":{"self":[{"href":"https:\/\/fundem.org\/wp\/wp-json\/wp\/v2\/posts\/3702"}],"collection":[{"href":"https:\/\/fundem.org\/wp\/wp-json\/wp\/v2\/posts"}],"about":[{"href":"https:\/\/fundem.org\/wp\/wp-json\/wp\/v2\/types\/post"}],"author":[{"embeddable":true,"href":"https:\/\/fundem.org\/wp\/wp-json\/wp\/v2\/users\/3"}],"replies":[{"embeddable":true,"href":"https:\/\/fundem.org\/wp\/wp-json\/wp\/v2\/comments?post=3702"}],"version-history":[{"count":7,"href":"https:\/\/fundem.org\/wp\/wp-json\/wp\/v2\/posts\/3702\/revisions"}],"predecessor-version":[{"id":3740,"href":"https:\/\/fundem.org\/wp\/wp-json\/wp\/v2\/posts\/3702\/revisions\/3740"}],"wp:featuredmedia":[{"embeddable":true,"href":"https:\/\/fundem.org\/wp\/wp-json\/wp\/v2\/media\/3703"}],"wp:attachment":[{"href":"https:\/\/fundem.org\/wp\/wp-json\/wp\/v2\/media?parent=3702"}],"wp:term":[{"taxonomy":"category","embeddable":true,"href":"https:\/\/fundem.org\/wp\/wp-json\/wp\/v2\/categories?post=3702"},{"taxonomy":"post_tag","embeddable":true,"href":"https:\/\/fundem.org\/wp\/wp-json\/wp\/v2\/tags?post=3702"}],"curies":[{"name":"wp","href":"https:\/\/api.w.org\/{rel}","templated":true}]}}