{"id":3714,"date":"2021-05-20T13:23:57","date_gmt":"2021-05-20T11:23:57","guid":{"rendered":"https:\/\/fundem.org\/wp\/?p=3714"},"modified":"2021-09-20T12:16:15","modified_gmt":"2021-09-20T10:16:15","slug":"viajes-bomarzo-2021","status":"publish","type":"post","link":"https:\/\/fundem.org\/wp\/viajes-bomarzo-2021\/","title":{"rendered":"Viajes Fundem 2021"},"content":{"rendered":"\n<p>Estimados amigos,<br><br>Despu\u00e9s de un a\u00f1o tan complicado en el que nos vimos obligados a suspender todas nuestras actividades, nos complace anunciaros los pr\u00f3ximos viajes que hemos organizado junto a Bomarzo para el a\u00f1o 2021:<br><br>1) <strong>Galicia y Portugal. Festivales de jardines: Allariz y Ponte de Lima<\/strong>, del 12 al 19 de septiembre.<br><a href=\"https:\/\/fundem.org\/wp\/wp-content\/uploads\/2021\/05\/Itinerario-Allariz-DEFINITIVOpdf.pdf\">TODA LA INFORMAC\u00cd\u00d3N AQU\u00cd: https:\/\/fundem.org\/wp\/wp-content\/uploads\/2021\/05\/Itinerario-Allariz-DEFINITIVOpdf.pdf<\/a><br><br>2) <strong>Asturias: paisajes y jardines privados<\/strong>, del 4 al 11 de octubre.<br><a href=\"https:\/\/fundem.org\/wp\/wp-content\/uploads\/2021\/05\/Itinerario-Asturias-DEFINITIVO.pdf\">TODA LA INFORMACI\u00d3N AQU\u00cd: https:\/\/fundem.org\/wp\/wp-content\/uploads\/2021\/05\/Itinerario-Asturias-DEFINITIVO.pdf<\/a><br><br>3) <strong>Patios y jardines de la C\u00f3rdoba oto\u00f1al<\/strong>, del 18 al 23 de octubre.<br><a href=\"https:\/\/fundem.org\/wp\/wp-content\/uploads\/2021\/05\/Itinerario-Cordoba-DEFINITIVO.pdf\">TODA LA INFORMACI\u00d3N AQU\u00cd: https:\/\/fundem.org\/wp\/wp-content\/uploads\/2021\/05\/Itinerario-Cordoba-DEFINITIVO.pdf<\/a><br><br>4) <strong>Madrid y los jardines de la corte<\/strong>, del 11 al 16 de noviembre.<br><a href=\"https:\/\/fundem.org\/wp\/wp-content\/uploads\/2021\/09\/itinerario-MADRID-2021-VALENCIA.pdf\">TODA LA INFORMACI\u00d3N AQU\u00cd: https:\/\/fundem.org\/wp\/wp-content\/uploads\/2021\/09\/itinerario-MADRID-2021-VALENCIA.pdf<\/a><br><br>5) <strong>Lanzarote: jardines y paisajes de C\u00e9sar Manrique<\/strong>, del 10 al 17 de diciembre.<br><a href=\"https:\/\/fundem.org\/wp\/wp-content\/uploads\/2021\/06\/itinerario-LANZAROTE-2021-1.pdf\">TODA LA INFORMACI\u00d3N AQU\u00cd: https:\/\/fundem.org\/wp\/wp-content\/uploads\/2021\/06\/itinerario-LANZAROTE-2021-1.pdf<\/a><\/p>\n\n\n\n<p><br>Pod\u00e9is encontrar toda la informaci\u00f3n sobre los viajes en los PDF adjuntos, donde se desglosan los itinerarios, los precios y todas las condiciones.<br><br>Como ya sab\u00e9is de otros a\u00f1os, los viajes estar\u00e1n limitados a 25 plazas para el mejor disfrute de todos, y <strong>se reservar\u00e1n por riguroso orden de inscripci\u00f3n mediante el abono del primer plazo de pago<\/strong>. Los socios de FUNDEM podr\u00e1n beneficiarse de un descuento.<br><br>SE\u00d1ALAR QUE EN TODO MOMENTO ESTAREMOS SUJETOS A LAS CONDICIONES SANITARIAS Y NO SE REALIZAR\u00c1 SI LA SITUACI\u00d3N DEL COVID-19 NO LO ACONSEJA, DEVOLVI\u00c9NDOSE EL IMPORTE \u00cdNTEGRO.<br><br>Para cualquier consulta, te puedes poner en contacto con la oficina de Fundem (en <a href=\"mailto:fundem@fundem.org\">fundem@fundem.org<\/a>&nbsp; o directamente con Ignacio R. Somovilla, organizador de los viajes. (tlf. 616294744 \u2013 <a href=\"mailto:info@bomarzo.es\">info@bomarzo.es<\/a>).<\/p>\n\n\n\n<p><br>Un saludo<br>Equipo de Fundem<\/p>\n","protected":false},"excerpt":{"rendered":"<p>Estimados amigos, Despu\u00e9s de un a\u00f1o tan complicado en el que nos vimos obligados a suspender todas nuestras actividades, nos complace anunciaros los pr\u00f3ximos viajes que hemos organizado junto a&#8230; <\/p>\n<div class=\"clear\"><\/div>\n<p><a href=\"https:\/\/fundem.org\/wp\/viajes-bomarzo-2021\/\" class=\"excerpt-read-more\">Read More<\/a><\/p>\n","protected":false},"author":3,"featured_media":3727,"comment_status":"closed","ping_status":"closed","sticky":false,"template":"","format":"standard","meta":{"footnotes":""},"categories":[21],"tags":[],"_links":{"self":[{"href":"https:\/\/fundem.org\/wp\/wp-json\/wp\/v2\/posts\/3714"}],"collection":[{"href":"https:\/\/fundem.org\/wp\/wp-json\/wp\/v2\/posts"}],"about":[{"href":"https:\/\/fundem.org\/wp\/wp-json\/wp\/v2\/types\/post"}],"author":[{"embeddable":true,"href":"https:\/\/fundem.org\/wp\/wp-json\/wp\/v2\/users\/3"}],"replies":[{"embeddable":true,"href":"https:\/\/fundem.org\/wp\/wp-json\/wp\/v2\/comments?post=3714"}],"version-history":[{"count":7,"href":"https:\/\/fundem.org\/wp\/wp-json\/wp\/v2\/posts\/3714\/revisions"}],"predecessor-version":[{"id":3969,"href":"https:\/\/fundem.org\/wp\/wp-json\/wp\/v2\/posts\/3714\/revisions\/3969"}],"wp:featuredmedia":[{"embeddable":true,"href":"https:\/\/fundem.org\/wp\/wp-json\/wp\/v2\/media\/3727"}],"wp:attachment":[{"href":"https:\/\/fundem.org\/wp\/wp-json\/wp\/v2\/media?parent=3714"}],"wp:term":[{"taxonomy":"category","embeddable":true,"href":"https:\/\/fundem.org\/wp\/wp-json\/wp\/v2\/categories?post=3714"},{"taxonomy":"post_tag","embeddable":true,"href":"https:\/\/fundem.org\/wp\/wp-json\/wp\/v2\/tags?post=3714"}],"curies":[{"name":"wp","href":"https:\/\/api.w.org\/{rel}","templated":true}]}}