{"id":5074,"date":"2025-10-13T12:21:43","date_gmt":"2025-10-13T10:21:43","guid":{"rendered":"https:\/\/fundem.org\/wp\/?p=5074"},"modified":"2025-10-13T12:21:44","modified_gmt":"2025-10-13T10:21:44","slug":"nos-vamos-e-excursion-a-mas-del-peraire","status":"publish","type":"post","link":"https:\/\/fundem.org\/wp\/nos-vamos-e-excursion-a-mas-del-peraire\/","title":{"rendered":"Nos vamos e excursi\u00f3n a Mas del Peraire"},"content":{"rendered":"\n<p class=\"is-style-cnvs-paragraph-callout\">El oto\u00f1o es el momento en el que hacemos nuestra tradicional excursi\u00f3n a los terrenos de Mas del Peraire, la primera de las adquisiciones de FUNDEM. La fecha de este a\u00f1o es&nbsp;<strong>el 25 y 26 de octubre pr\u00f3ximos \u00bfte apuntas?&nbsp;<\/strong>Podremos visitar este terreno y conocer de primera mano los trabajos de conservaci\u00f3n que se vienen realizando.<\/p>\n\n\n\n<p class=\"is-style-cnvs-paragraph-callout\">Si no has venido a esta excursi\u00f3n, te informamos que es posible asistir un solo d\u00eda o los dos, haciendo noche en la zona. (M\u00e1s abajo te dejamos algunas recomendaciones de restaurantes y alojamientos por la zona).<\/p>\n\n\n\n<p class=\"is-style-cnvs-paragraph-callout\">Para las dos jornadas ser\u00e1 necesario llevar ropa de temporada, calzado adecuado, almuerzo y agua.<\/p>\n\n\n\n<p class=\"is-style-cnvs-paragraph-callout\"><strong>Fecha l\u00edmite de inscripci\u00f3n:<\/strong>\u00a0jueves 23 de octubre a las 13 h.<\/p>\n\n\n\n<p class=\"is-style-cnvs-paragraph-callout has-large-font-size\"><strong>PROGRAMA<\/strong><\/p>\n\n\n\n<p class=\"is-style-cnvs-paragraph-callout\"><strong>S\u00c1BADO 25 DE OCTUBRE\u2013 Excursi\u00f3n al Negrell<\/strong><br><strong>Lugar de encuentro:\u00a0<\/strong><a href=\"http:\/\/acumbamail.com\/url\/ver\/878000726\/\" target=\"_blank\" rel=\"noreferrer noopener\">entrada de Fredes<\/a><br><strong>Hora: 9<\/strong>\u00a0h.<br><strong>Duraci\u00f3n:\u00a0<\/strong>toda la ma\u00f1ana.<br><strong>Dificultad:<\/strong>\u00a0Baja<\/p>\n\n\n\n<p class=\"is-style-cnvs-paragraph-callout\"><strong>DOMINGO 26 DE OCTUBRE\u00a0\u2013\u00a0Visita a la finca del Mas del Peraire<\/strong><br><strong>Lugar de encuentro:\u00a0<\/strong><a href=\"http:\/\/acumbamail.com\/url\/ver\/878000727\/\" target=\"_blank\" rel=\"noreferrer noopener\">entrada de Fredes<\/a><br><strong>Hora:<\/strong>\u00a09 h.<br><strong>Duraci\u00f3n:\u00a0<\/strong>Toda la ma\u00f1ana\u00a0<br><strong>Dificultad<\/strong>: Baja<br>Excursi\u00f3n a pie por el interior de la finca del Peraire, salida circular desde el acceso de Pinar Pla y recorrido por la parte alta de la finca, pr\u00f3xima a la zona de reintroducci\u00f3n del quebrantahuesos.<\/p>\n\n\n\n<p class=\"is-style-cnvs-paragraph-callout has-large-font-size\"><strong>INSCRIPCIONES<\/strong><\/p>\n\n\n\n<p class=\"is-style-cnvs-paragraph-callout\"><strong>EXCURSI\u00d3N DE LOS DOS D\u00cdAS<\/strong><\/p>\n\n\n\n<p class=\"is-style-cnvs-paragraph-callout\">Enviar un correo electr\u00f3nico a&nbsp;<a href=\"http:\/\/acumbamail.com\/url\/ver\/878000728\/\">fundem@fundem.org<\/a>&nbsp;o un WhatsApp al 696 975 290 con los siguientes datos: Nombre y apellidos, DNI y fecha de nacimiento (de cada participante).<br><strong>Precio inscripci\u00f3n<\/strong>&nbsp;(abonar en el mismo d\u00eda en punto de encuentro): 6\u20ac en concepto de seguro de accidentes.<\/p>\n\n\n\n<p class=\"is-style-cnvs-paragraph-callout\"><strong>EXCURSI\u00d3N DE UN D\u00cdA<\/strong><\/p>\n\n\n\n<p class=\"is-style-cnvs-paragraph-callout\">Enviar un correo electr\u00f3nico a&nbsp;<a href=\"http:\/\/acumbamail.com\/url\/ver\/878000728\/\">fundem@fundem.org<\/a>&nbsp;o un WhatsApp al 696 975 290 con los siguientes datos: Nombre y apellidos, DNI y fecha de nacimiento (de cada participante).<br><strong>Precio inscripci\u00f3n<\/strong>&nbsp;(abonar en el mismo d\u00eda en punto de encuentro): 3\u20ac en concepto de seguro de accidentes.<\/p>\n\n\n\n<p class=\"is-style-cnvs-paragraph-callout\"><strong>RESRAURANTES \u2013&nbsp;<\/strong><strong>ALBERGUES \u2013 CASAS RURALES<\/strong><\/p>\n\n\n\n<p class=\"is-style-cnvs-paragraph-callout\"><strong>RESTAURANTE EUROPA \u2013&nbsp;<\/strong>977 729043 \u2013 Crta. La S\u00e9nia-Fredes (urbanizaci\u00f3n Colonia Europa). Fredes<br><strong>BAR LO RACONET \u2013&nbsp;<\/strong>669046219 \u2013 El Boixar<br><strong>RESTAURANT LA TABERNA \u2013&nbsp;<\/strong>977729156 \u2013 669638231 \u2013 C\/ Major, 17 \u2013 Fredes<br><strong>CASA RURAL CAL CORREU DE FREDES \u2013&nbsp;<\/strong>687427193 \u2013&nbsp;<a href=\"http:\/\/acumbamail.com\/url\/ver\/878000729\/\">calcorreudefredes@gmail.com<\/a>&nbsp;\u2013 Carrer de Dalt, 14 \u2013 Fredes<br><strong>CASA NURI<\/strong>&nbsp;\u2013 977729102 \u2013 C\/ Costereta 14 Fredes<br><strong>CASA REFUGI EL BOIXAR \u2013&nbsp;<\/strong>615306447 \u2013 977729071 \u2013&nbsp;<a href=\"http:\/\/acumbamail.com\/url\/ver\/878000730\/\">www.elboixar.net<\/a>&nbsp; \u2013&nbsp;<a href=\"http:\/\/acumbamail.com\/url\/ver\/878000731\/\">casarural@elboixar.net<\/a>&nbsp;El Boixar<br><strong>ALBERG LA FONT LLUNY \u2013&nbsp;<\/strong>977729125 \u2013 Cam\u00ed de la Font Lluny, s\/n La Pobla de Benifass\u00e0<\/p>\n\n\n\n<p class=\"is-style-cnvs-paragraph-callout\"><strong><br>Contactos para la excursi\u00f3n: V\u00edctor Revert\u00e9&nbsp;<\/strong>636 01 40 36<strong><br>Fundem:&nbsp;<\/strong>619 262 373<\/p>\n","protected":false},"excerpt":{"rendered":"<p>El oto\u00f1o es el momento en el que hacemos nuestra tradicional excursi\u00f3n a los terrenos de Mas del Peraire, la primera de las adquisiciones de FUNDEM. La fecha de este&#8230; <\/p>\n<div class=\"clear\"><\/div>\n<p><a href=\"https:\/\/fundem.org\/wp\/nos-vamos-e-excursion-a-mas-del-peraire\/\" class=\"excerpt-read-more\">Read More<\/a><\/p>\n","protected":false},"author":3,"featured_media":5075,"comment_status":"closed","ping_status":"closed","sticky":false,"template":"","format":"standard","meta":{"footnotes":""},"categories":[40,21],"tags":[],"_links":{"self":[{"href":"https:\/\/fundem.org\/wp\/wp-json\/wp\/v2\/posts\/5074"}],"collection":[{"href":"https:\/\/fundem.org\/wp\/wp-json\/wp\/v2\/posts"}],"about":[{"href":"https:\/\/fundem.org\/wp\/wp-json\/wp\/v2\/types\/post"}],"author":[{"embeddable":true,"href":"https:\/\/fundem.org\/wp\/wp-json\/wp\/v2\/users\/3"}],"replies":[{"embeddable":true,"href":"https:\/\/fundem.org\/wp\/wp-json\/wp\/v2\/comments?post=5074"}],"version-history":[{"count":2,"href":"https:\/\/fundem.org\/wp\/wp-json\/wp\/v2\/posts\/5074\/revisions"}],"predecessor-version":[{"id":5078,"href":"https:\/\/fundem.org\/wp\/wp-json\/wp\/v2\/posts\/5074\/revisions\/5078"}],"wp:featuredmedia":[{"embeddable":true,"href":"https:\/\/fundem.org\/wp\/wp-json\/wp\/v2\/media\/5075"}],"wp:attachment":[{"href":"https:\/\/fundem.org\/wp\/wp-json\/wp\/v2\/media?parent=5074"}],"wp:term":[{"taxonomy":"category","embeddable":true,"href":"https:\/\/fundem.org\/wp\/wp-json\/wp\/v2\/categories?post=5074"},{"taxonomy":"post_tag","embeddable":true,"href":"https:\/\/fundem.org\/wp\/wp-json\/wp\/v2\/tags?post=5074"}],"curies":[{"name":"wp","href":"https:\/\/api.w.org\/{rel}","templated":true}]}}